

    {"id":32197,"date":"2022-05-27T08:34:22","date_gmt":"2022-05-27T08:34:22","guid":{"rendered":"https:\/\/ms-contentfactory.srv.vocento.in\/contentfactorylocal\/?p=32197"},"modified":"2025-07-17T10:57:00","modified_gmt":"2025-07-17T08:57:00","slug":"fundacion-alimerka-exposicion-nuestros-vecinos-invisibles","status":"publish","type":"post","link":"\/content-local\/fundacion-alimerka-exposicion-nuestros-vecinos-invisibles\/","title":{"rendered":"Fundaci\u00f3n Alimerka Exposici\u00f3n Nuestros Vecinos Invisibles"},"content":{"rendered":"<p>[vc_row el_class=\u00bbcol-1-1 tablet-col-1-1&#8243;][vc_column el_class=\u00bbcol-1-1 tablet-col-1-1&#8243;]\n        <div class='fullimg principal'>\n            <div class='tituloemergente'>\n                <div class='grid grid-pad'>\n                    <a class='open-btn close-nav quees' href=''>\n                        <span class='p-content'>FUNDACI\u00d3N ALIMERKA<\/span>\n                    <\/a>\n                    <h1><strong>Nuestros vecinos invisibles<\/strong><p>Fundaci\u00f3n Alimerka pone cara a &#8216;Nuestros vecinos invisibles&#8217; con una exposici\u00f3n fotogr\u00e1fica en el Museo Casa Botines<\/p><\/h1>\n                <\/div>\n            <\/div>\n        <figure class='videoPrincipal'><img src='\/content-local\/wp-content\/uploads\/sites\/10\/2022\/05\/posibleportada.jpg'><\/figure><\/div>[\/vc_column][\/vc_row][vc_row centrar=\u00bbtrue\u00bb el_class=\u00bbgrid grid-pad\u00bb][vc_column el_class=\u00bbcol-1-1 tablet-col-1-1&#8243;]<div class='firmaRRSS '>\n       <div class='info'><address class='firmaAutor' data-autor='Content Local'><img src=\"\"> Content Local<\/address><time class='publicacion'>\n         27 mayo, 2022 - 8:34<\/time><\/div>\n           <div class='compartir'><p>Compartir<\/p><ul>\n                <li class='facebook'>\n                            <a href='https:\/\/www.facebook.com\/sharer\/sharer.php?u=https:\/\/elnortedecastilla.es\/content-local\/fundacion-alimerka-exposicion-nuestros-vecinos-invisibles\/' class='bcl-compartir-fb' data-voc-vtm-id='compartirrrss' data-voc-vtm-info='facebook' target='_blank' title='Compartelo en Facebook' rel='nofollow'>\n                        <i class='facebook'><\/i>\n                    <\/a>\n                <\/li><li class='twitter'>\n                    <a href='https:\/\/twitter.com\/intent\/tweet?text=https:\/\/elnortedecastilla.es\/content-local\/fundacion-alimerka-exposicion-nuestros-vecinos-invisibles\/' class='bcl-compartir-tw twitter' data-voc-vtm-id='compartirrrss' data-voc-vtm-info='twitter' target='_blank' title='Compartelo en Twitter' rel='nofollow'>\n                        <i class='twitter'><\/i>\n                    <\/a>\n                <\/li><li class='whatsapp'>\n                    <a href='whatsapp:\/\/send?text=https:\/\/elnortedecastilla.es\/content-local\/fundacion-alimerka-exposicion-nuestros-vecinos-invisibles\/' data-voc-vtm-id='compartirrrss' data-voc-vtm-info='whatsapp' class='whatsapp' target='_blank' title='Compartelo en whatsapp' rel='nofollow'>\n                        <i class='whatsapp'><\/i>\n                    <\/a>\n                <\/li>\n    \n    <\/ul><\/div><\/div>[\/vc_column][\/vc_row][vc_row centrar=\u00bbtrue\u00bb el_class=\u00bbgrid grid-pad\u00bb][vc_column el_class=\u00bbcol-10-12 tablet-col-1-1&#8243;]\n        <blockquote class=\"derecha \">\n\t\t<p class=\"parrafocount\">\u00abAl visitar y conocer todas las entidades con las que colaboramos hemos descubierto experiencias e historias de vida que merecen ser compartidas\u00bb<\/p>\n        <address>Antonio Blanco, director de la Fundaci\u00f3n Alimerka<\/address>\n\t\t<\/blockquote>\n    <p class=\"parrafocount\">Existen c<strong>olectivos de especial vulnerabilidad<\/strong> cuya vida cotidiana, sus necesidades y retos para afrontar una situaci\u00f3n compleja, pasan <strong>desapercibidos para la gran mayor\u00eda de la sociedad<\/strong>. En muchas ocasiones, la falta de recursos para dar a conocer sus preocupaciones y necesidades los somete a un estado de invisibilidad que, en muchos casos, les afecta a la hora de encontrar apoyos tanto en la administraci\u00f3n p\u00fablica como a trav\u00e9s de iniciativas privadas.<\/p><p class='parrafocount'><p class='parrafocount'>La <a href=\"https:\/\/www.fundacionalimerka.es\/\"><strong>Fundaci\u00f3n Alimerka<\/strong><\/a> ha establecido un <strong>compromiso con aquellas entidades que trabajan por mejorar la calidad de vida de estas personas<\/strong>, apoyando econ\u00f3micamente sus proyectos y tambi\u00e9n contribuyendo a su difusi\u00f3n. La exposici\u00f3n &#8216;<strong>Nuestros vecinos invisible<\/strong>s&#8217; busca dar visibilidad a estas personas y familias, y a tantas organizaciones que les prestan sus servicios con ejemplaridad pero tambi\u00e9n con discreci\u00f3n, a trav\u00e9s de una muestra fotogr\u00e1fica itinerante que servir\u00e1 de base para diversas actividades y encuentros.<\/p><p class='parrafocount'><p class='parrafocount'>\u00abAl visitar y conocer todas las entidades con las que colaboramos hemos descubierto experiencias e historias de vida que merecen ser compartidas. Hablamos de casos de familias y personas an\u00f3nimas que, asumiendo un liderazgo social ejemplar, crearon proyectos para mejorar la calidad de vida de personas con discapacidad, con enfermedades cr\u00f3nicas o en situaci\u00f3n especialmente vulnerable. Mostrar su vida cotidiana a trav\u00e9s de estas fotograf\u00edas es un forma de acceder a su realidad y apreciar su trabajo. Y tambi\u00e9n <strong>nos ayuda a valorar muchas posibilidades de colaboraci\u00f3n con asociaciones que trabajan en la sombra<\/strong>, aunque muy cerca de nosotros\u00bb, explica Antonio Blanco, director de la Fundaci\u00f3n Alimerka.<\/p>[\/vc_column][\/vc_row][vc_row centrar=\u00bbtrue\u00bb el_class=\u00bbgrid grid-pad\u00bb][vc_column el_class=\u00bbcol-10-12 tablet-col-1-1&#8243;][vc_single_image image=\u00bb32207&#8243; img_size=\u00bbfull\u00bb alignment=\u00bbcenter\u00bb]<p class=\"parrafocount\">Los autores de las im\u00e1genes, los fot\u00f3grafos Mercedes Blanco, Pelayo Lacazette, No\u00e9 Baranda y Marta Areces, han <strong>retratado la realidad cotidiana de colectivos muy diversos<\/strong>: discapacidad, problemas de salud mental, sinhogarismo, Alzheimer y otras demencias,\u00a0 migraci\u00f3n, Trastorno del Espectro Autista, etc. <strong>Natalia Alonso<\/strong>, comisaria de la exposici\u00f3n, reconoce la dificultad de seleccionar las fotograf\u00edas que componen la muestra: \u00ab<strong>Lo m\u00e1s complicado ha sido lograr el justo equilibrio entre el mensaje a transmitir y la est\u00e9tica<\/strong>. Solo contenido no era suficiente y solo est\u00e9tica tampoco. La calidad de la fotograf\u00eda ten\u00eda que ir a la par del mensaje transmitido, que es muy potente. Y ello logrando la mayor dignificaci\u00f3n y respeto posible por los protagonistas\u00bb. Alonso considera muy positiva su experiencia en este proyecto porque \u00aben medio de una situaci\u00f3n global marcada por una sociedad en conflicto y profundamente individualista, exposiciones as\u00ed te hacen reconciliarte con el ser humano y poner en valor la importancia de la empat\u00eda y del cuidado mutuo\u00bb.<\/p>[vc_single_image image=\u00bb32209&#8243; img_size=\u00bbfull\u00bb alignment=\u00bbcenter\u00bb]<p class=\"parrafocount\">Un total de cuarenta y tres entidades, <strong>quince<\/strong> de ellas <strong>de Castilla y Le\u00f3n<\/strong>,<strong> participan en la muestra<\/strong>, que estar\u00e1 en el Museo Casa Botines Gaud\u00ed de Le\u00f3n (sala semis\u00f3tano) <strong>hasta el 3 de julio<\/strong>.<\/p>\n        <h2 class=\"\">Organizaciones castellano y leonesas<\/h2>\n    <p class=\"parrafocount\">Quince entidades sociales de Castilla y Le\u00f3n tienen presencia en las fotograf\u00edas de la exposici\u00f3n (Accem Burgos, AFA Astorga, ALCLES, Alzheimer Le\u00f3n, Alcordanza, ASOCYL, ASPACE Le\u00f3n, Atalaya Intercultural, Autismo Valladolid, Casa Betania de C\u00e1ritas Zamora, ELA Castilla y Le\u00f3n, Proyecto Convivo, Salud Mental Le\u00f3n y San Vicente de Pa\u00fal de Le\u00f3n &#8211; \u2018Centro de d\u00eda Concepci\u00f3n Arenal\u2019). En las im\u00e1genes aparecen diferentes protagonistas de las mismas, desde usuarios hasta miembros de la junta directiva pasando por trabajadores y voluntarios. \u00abCon \u2018Nuestros vecinos invisibles\u2019 <strong>aprendemos, todos juntos, a transformar nuestros problemas en maravillosas oportunidades<\/strong>. Agradecemos a Fundaci\u00f3n Alimerka su constante apoyo que, sin duda, da luz y abre puertas tambi\u00e9n a la sordoceguera. Siempre lo decimos: si de verdad conocieras las aut\u00e9nticas necesidades de los colectivos m\u00e1s vulnerables y olvidados ser\u00eda muy dif\u00edcil, casi imposible, no sentir y comprender, en su m\u00e1s amplia dimensi\u00f3n. Int\u00e9ntalo, \u00a1te queremos cerca!\u00bb, asegura<strong> Patricia Zorita<\/strong>, presidenta de la Asociaci\u00f3n de Sordociegos de Castilla y Le\u00f3n (ASOCYL).<\/p>[vc_single_image image=\u00bb32212&#8243; img_size=\u00bbfull\u00bb alignment=\u00bbcenter\u00bb]<p class=\"parrafocount\">Desde Casa Betania, recurso para personas sin hogar de C\u00e1ritas Zamora, reconocen la <strong>importancia de sensibilizar sobre la necesidad que atienden y recalan la importancia del voluntariado<\/strong>. As\u00ed lo explica <strong>Beatriz Carracedo<\/strong>, trabajadora social: \u00abTrabajamos con un colectivo hay que es necesario dar visibilidad, como son las personas sin hogar. Por eso <strong>agradecemos a la Fundaci\u00f3n Alimerka su solidaridad con Casa Betania<\/strong> y que nos haya incluido en este proyecto. Tambi\u00e9n queremos poner en valor la encomiable labor de nuestros voluntarios, pilar fundamental de nuestra C\u00e1ritas. Sin ellos no ser\u00eda posible llegar a tantas personas\u00bb.<\/p><p class='parrafocount'><p class='parrafocount'>Por su parte, la <strong>Asociaci\u00f3n de Esclerosis Lateral Amiotr\u00f3fica de Castilla y Le\u00f3n\u00a0<\/strong>pone el foco en la <strong>necesidad de sensibilizar sobre la ELA y sobre el resto de realidades recogidas en la exposici<\/strong>\u00f3n. \u00abPara nosotros es muy importante dar visibilidad a la enfermedad. Se lleva m\u00e1s de 150 a\u00f1os luchando por llegar a conseguir alg\u00fan tratamiento y\/o cura que pueda frenarla. La sensibilizaci\u00f3n y concienciaci\u00f3n p\u00fablica es uno de los objetivos de nuestra asociaci\u00f3n, porque no somos pocos sino \u2018invisibles\u2019\u00bb, declara <strong>Rosa G\u00f3mez<\/strong>, vicepresidenta de ELACyL.<\/p>\n        <h2 class=\"\">Encuentros con los protagonistas<\/h2>\n    <p class=\"parrafocount\">La <a href=\"https:\/\/www.fundacionalimerka.es\/\"><strong>Fundaci\u00f3n Alimerka<\/strong><\/a> ha organizado tambi\u00e9n una programaci\u00f3n de encuentros con los protagonistas para que ellos mismos compartan con el p\u00fablico sus historias personales. Estas citas tendr\u00e1n lugar en la propia sala de la exposici\u00f3n durante los s\u00e1bados 4, 11 y 18 de junio, de 11:00 a 13:30 horas.<\/p>[vc_single_image image=\u00bb32214&#8243; img_size=\u00bbfull\u00bb alignment=\u00bbcenter\u00bb][\/vc_column][\/vc_row][vc_row centrar=\u00bbtrue\u00bb el_class=\u00bbgrid grid-pad\u00bb css=\u00bb.vc_custom_1653642711405{background-color: #b2d69a !important;}\u00bb][vc_column el_class=\u00bbcol-1-1 tablet-col-1-1&#8243; css=\u00bb.vc_custom_1653642725553{background-color: #b2d69a !important;}\u00bb]\n        <h2 class=\"\">Programa de encuentros con los protagonistas<\/h2>\n    <p class=\"parrafocount\">La <a href=\"https:\/\/www.fundacionalimerka.es\/\"><strong>Fundaci\u00f3n Alimerka<\/strong><\/a> ha organizado tambi\u00e9n una programaci\u00f3n de encuentros con los protagonistas para que ellos mismos compartan con el p\u00fablico sus historias personales. Estas citas tendr\u00e1n lugar en la propia sala de la exposici\u00f3n durante los s\u00e1bados 4, 11 y 18 de junio, de 11:00 a 13:30 horas.<\/p><p class=\"parrafocount\"><strong>S\u00e1bado 4 de junio<\/strong><\/p><p class='parrafocount'><p class='parrafocount'><strong>11:00 horas<\/strong><br \/><p class='parrafocount'>&#8216;<strong>La figura del asistente personal en Salud mental, clave para la inclusi\u00f3n<\/strong>&#8216;, con la Asociaci\u00f3n Salud Mental Le\u00f3n.<\/p><p class='parrafocount'><p class='parrafocount'>Participantes:<\/p><p class='parrafocount'><p class='parrafocount'><strong>Rosa Mar\u00eda Cond<\/strong>e, directora gerente de la Asociaci\u00f3n Salud mental Le\u00f3n.<br \/><p class='parrafocount'><strong>Beatriz Fern\u00e1nde<\/strong>z, coordinadora de programas.<br \/><p class='parrafocount'><strong>Laura Garc\u00eda<\/strong>, usuaria beneficiaria del servicio de asistencia personal.<br \/><p class='parrafocount'><strong>11:30 horas<\/strong><br \/><p class='parrafocount'>&#8216;<strong>El poder de los recuerdos: terapia de reminiscencia para personas con Alzheimer<\/strong>&#8216;, con Alzheimer Le\u00f3n.<\/p><p class='parrafocount'><p class='parrafocount'>Participantes:<\/p><p class='parrafocount'><p class='parrafocount'><strong>Flor De Juan<\/strong>, gerente de Alzheimer Le\u00f3n.<br \/><p class='parrafocount'><strong>Luc\u00eda de la Pisa<\/strong>, directora de intervenci\u00f3n terap\u00e9utica de Alzheimer Le\u00f3n.<br \/><p class='parrafocount'><strong>Persona usuaria de Alzheimer Le\u00f3n<\/strong>.<\/p><p class='parrafocount'><p class='parrafocount'><strong>12:00 horas<\/strong><br \/><p class='parrafocount'>&#8216;<strong>C\u00f3mo afrontar un diagn\u00f3stico de c\u00e1ncer infantil<\/strong>&#8216;, con la Asociaci\u00f3n de Padres, Familiares y Amigos de Ni\u00f1os Oncol\u00f3gicos de Castilla y Le\u00f3n (PYFANO).<\/p><p class='parrafocount'><p class='parrafocount'>Participantes:<\/p><p class='parrafocount'><p class='parrafocount'><strong>Michel Vicente<\/strong>, presidente y fundador de PYFANO.<br \/><p class='parrafocount'><strong>Janire Aguado<\/strong>, usuaria de PYFANO.<\/p><p class='parrafocount'><p class='parrafocount'><strong>12:30 horas<\/strong><br \/><p class='parrafocount'>&#8216;<strong>El papel del voluntariado en el acompa\u00f1amiento de los enfermos de c\u00e1ncer durante las estancias hospitalarias<\/strong>&#8216;, con la Asociaci\u00f3n Espa\u00f1ola Contra el C\u00e1ncer.<\/p><p class='parrafocount'><p class='parrafocount'><strong>Participantes<\/strong><\/p><p class='parrafocount'><p class='parrafocount'><strong>Tatiana Carballo<\/strong>, psic\u00f3loga y coordinadora de voluntariado de la Asociaci\u00f3n Espa\u00f1ola Contra el C\u00e1ncer de Ponferrada.<br \/><p class='parrafocount'><strong>Ana Mar\u00eda Fern\u00e1ndez<\/strong>, voluntaria de la Asociaci\u00f3n Espa\u00f1ola Contra el C\u00e1ncer.<\/p><p class='parrafocount'><p class='parrafocount'><strong>13:00 horas<\/strong><br \/><p class='parrafocount'>&#8216;<strong>Gracias a ti, yo vivo: la experiencia de ser donante de m\u00e9dula<\/strong>&#8216;, con la Asociaci\u00f3n Leonesa Con Las Enfermedades de la Sangre (ALCLES Le\u00f3n).<\/p><p class='parrafocount'><p class='parrafocount'>Participantes:<\/p><p class='parrafocount'><p class='parrafocount'><strong>Nonia Alejandre<\/strong>, presidenta de ALCLES y superviviente de c\u00e1ncer.<br \/><p class='parrafocount'><strong>Mamen Olmo<\/strong>, gerente de ALCLES.<br \/><p class='parrafocount'><strong>Laura Abril<\/strong>, trabajadora social de ALCLES.<\/p><p class='parrafocount'><p class='parrafocount'><strong>S\u00e1bado 11 de junio<\/strong><\/p><p class='parrafocount'><p class='parrafocount'><strong>11:00 horas<\/strong><br \/><p class='parrafocount'>&#8216;<strong>Un bal\u00f3n de ox\u00edgeno contra el aislamiento. La labor de las asociaciones de familiares de personas con Alzheimer en entornos rurales<\/strong>&#8216;, con la Asociaci\u00f3n de Familiares de Enfermos de Alzheimer de Astorga y la Asociaci\u00f3n Alzheimer Alcordanza de Valencia de Don Juan.<\/p><p class='parrafocount'><p class='parrafocount'>Participantes:<\/p><p class='parrafocount'><p class='parrafocount'><strong>Mar\u00eda Jos\u00e9 Mart\u00ednez<\/strong>, directora del centro de d\u00eda de AFA Astorga.<br \/><p class='parrafocount'><strong>Mar\u00eda Donata \u00c1lvarez<\/strong>, presidenta de Alcordanza.<\/p><p class='parrafocount'><p class='parrafocount'><strong>11:30 horas<\/strong><br \/><p class='parrafocount'>&#8216;<strong>J\u00f3venes con inteligencia l\u00edmite: la discapacidad invisible<\/strong>&#8216;, con la Asociaci\u00f3n Proyecto Convivo.<\/p><p class='parrafocount'><p class='parrafocount'>Participantes:<\/p><p class='parrafocount'><p class='parrafocount'><strong>Rosa Garc\u00eda<\/strong>, presidenta de la Asociaci\u00f3n Proyecto Convivo.<br \/><p class='parrafocount'><strong>Coral Zamorano<\/strong>, educadora social de la Asociaci\u00f3n Proyecto Convivo.<br \/><p class='parrafocount'><strong>Usuario\/a de la Asociaci\u00f3n Proyecto Convivo<\/strong>.<\/p><p class='parrafocount'><p class='parrafocount'><strong>12:00 horas<\/strong><br \/><p class='parrafocount'>&#8216;<strong>Mi hijo tiene una cardiopat\u00eda<\/strong>&#8216;, con la Asociaci\u00f3n de padres y amigos de cardiopat\u00edas cong\u00e9nitas (APACI).<\/p><p class='parrafocount'><p class='parrafocount'>Participantes:<\/p><p class='parrafocount'><p class='parrafocount'><strong>Juana Jara<\/strong>, presidenta de APACI.<br \/><p class='parrafocount'><strong>Alba Garc\u00eda<\/strong>, trabajadora social de APACI.<\/p><p class='parrafocount'><p class='parrafocount'>12:30 horas<br \/><p class='parrafocount'>&#8216;<strong>Acogida y inclusi\u00f3n de las personas migrantes en Le\u00f3n<\/strong>&#8216;, con Accem.<\/p><p class='parrafocount'><p class='parrafocount'>Participantes:<\/p><p class='parrafocount'><p class='parrafocount'><strong>Encarna Garc\u00eda<\/strong>, responsable de Accem en Le\u00f3n.<br \/><p class='parrafocount'><strong>Antonina Bronnikova<\/strong>, ex usuaria y actual trabajadora de Accem como traductora en el centro de emergencia\u00a0para acogida a personas ucranianas.<\/p><p class='parrafocount'><p class='parrafocount'><strong>S\u00e1bado 18 de junio<\/strong><\/p><p class='parrafocount'><p class='parrafocount'><strong>11:00 horas<\/strong><br \/><p class='parrafocount'>&#8216;<strong>Mi hijo y el TEA: convivir con un Trastorno del Espectro Autista<\/strong>&#8216;, con Autismo Le\u00f3n.<\/p><p class='parrafocount'><p class='parrafocount'><strong>M\u00aa Eugenia Hern\u00e1ndez<\/strong>, miembro de la junta directiva de la Asociaci\u00f3n Autismo Le\u00f3n.<br \/><p class='parrafocount'><strong>Rub\u00e9n L\u00f3pez<\/strong>, usuario del centro de d\u00eda de la Asociaci\u00f3n Autismo Le\u00f3n.<\/p><p class='parrafocount'><p class='parrafocount'><strong>11:30 horas<\/strong><br \/><p class='parrafocount'>&#8216;<strong>Familias especiales: la vida con un hijo con discapacidad intelectual<\/strong>&#8216;, con Down Le\u00f3n\u00a0Amidown.<\/p><p class='parrafocount'><p class='parrafocount'>Participantes:<\/p><p class='parrafocount'><p class='parrafocount'><strong>Mar\u00eda del Carmen Pardo<\/strong>, presidenta de Down Le\u00f3n Amidown.<br \/><p class='parrafocount'><strong>Joana Cardoso<\/strong>, ex presidenta de Down Le\u00f3n Amidown.<br \/><p class='parrafocount'><strong>Aurora Salguero<\/strong>, ex presidenta de Down Le\u00f3n Amidown.<\/p><p class='parrafocount'><p class='parrafocount'><strong>12:00 horas<\/strong><br \/><p class='parrafocount'>&#8216;<strong>Mucho m\u00e1s que calor, comida y caf\u00e9: la atenci\u00f3n a personas sin hogar y en situaci\u00f3n de extrema pobreza en Le\u00f3n<\/strong>&#8216;, con la Sociedad San Vicente de Pa\u00fal de Le\u00f3n y la Asociaci\u00f3n Leonesa de Caridad (ASLECA).<\/p><p class='parrafocount'><p class='parrafocount'>Participantes:<\/p><p class='parrafocount'><p class='parrafocount'><strong>Josefina Herrero<\/strong>, directora de San Vicente de Pa\u00fal en Le\u00f3n.<br \/><p class='parrafocount'><strong>Sor Esther Seoane<\/strong>, directora de ASLECA.<\/p><p class='parrafocount'><p class='parrafocount'><strong>12:30 horas<\/strong><br \/><p class='parrafocount'>&#8216;<strong>Atenci\u00f3n integral a las personas en grave riesgo de exclusi\u00f3n<\/strong>&#8216;, con Cruz Roja.<\/p><p class='parrafocount'><p class='parrafocount'>Participantes:<\/p><p class='parrafocount'><p class='parrafocount'><strong>Araceli Prieto<\/strong>, directora del \u00c1rea de Conocimiento de Inclusi\u00f3n Social de\u00a0Cruz Roja\u00a0Le\u00f3n.<br \/><p class='parrafocount'>Voluntarios de Cruz Roja Le\u00f3n.<\/p><p class='parrafocount'><p class='parrafocount'><strong>13:00 horas<\/strong><br \/><p class='parrafocount'>&#8216;<strong>La importancia del juego en ni\u00f1os con par\u00e1lisis cerebral<\/strong>&#8216;, con la Asociaci\u00f3n para la Atenci\u00f3n de las Personas Afectadas de Par\u00e1lisis Cerebral y Encefalopat\u00edas Afines (ASPACE) Le\u00f3n.<\/p><p class='parrafocount'><p class='parrafocount'>Participantes:<\/p><p class='parrafocount'><p class='parrafocount'><strong>Mar\u00eda Jes\u00fas Garc\u00eda<\/strong>, presidenta de ASPACE Le\u00f3n y madre de una ni\u00f1a con par\u00e1lisis cerebral.<br \/><p class='parrafocount'><strong>Silvia Lafuente de Pedro<\/strong>, vicepresidenta de ASPACE Le\u00f3n, diagnosticada de par\u00e1lisis cerebral.<\/p>[\/vc_column][\/vc_row][vc_row centrar=\u00bbtrue\u00bb el_class=\u00bbgrid grid-pad\u00bb][vc_column el_class=\u00bbcol-1-1 tablet-col-1-1&#8243;]\n        <div class='bloque'>\n         <div class='compartir'><p>Compartir<\/p><ul>\n                <li class='facebook'>\n                            <a href='https:\/\/www.facebook.com\/sharer\/sharer.php?u=https:\/\/elnortedecastilla.es' class='bcl-compartir-fb' target='_blank' title='Compartelo en Facebook' rel='nofollow'>\n                        <i class='facebook'><\/i>\n                    <\/a>\n                <\/li><li class='twitter'>\n                    <a href='https:\/\/twitter.com\/intent\/tweet?text=https:\/\/elnortedecastilla.es' class='bcl-compartir-tw twitter' target='_blank' title='Compartelo en Twitter' rel='nofollow'>\n                        <i class='twitter'><\/i>\n                    <\/a>\n                <\/li><li class='whatsapp'>\n                    <a href='whatsapp:\/\/send?text=https:\/\/elnortedecastilla.es' class='whatsapp' target='_blank' title='Compartelo en whatsapp' rel='nofollow'>\n                        <i class='whatsapp'><\/i>\n                    <\/a>\n                <\/li>\n                   <\/ul><\/div>\n        <div class='pie-ad '>\n            <p>Contenido para<strong>\u00a0FUNDACI\u00d3N ALIMERKA<\/strong>\u00a0 editado por <strong>Content Local<\/strong>.<\/p>\n        <\/div><\/div>[\/vc_column][\/vc_row]<\/p>\n","protected":false},"excerpt":{"rendered":"<p>[vc_row el_class=\u00bbcol-1-1 tablet-col-1-1&#8243;][vc_column el_class=\u00bbcol-1-1 tablet-col-1-1&#8243;][\/vc_column][\/vc_row][vc_row centrar=\u00bbtrue\u00bb el_class=\u00bbgrid grid-pad\u00bb][vc_column el_class=\u00bbcol-1-1 tablet-col-1-1&#8243;][\/vc_column][\/vc_row][vc_row centrar=\u00bbtrue\u00bb el_class=\u00bbgrid grid-pad\u00bb][vc_column el_class=\u00bbcol-10-12 tablet-col-1-1&#8243;][\/vc_column][\/vc_row][vc_row centrar=\u00bbtrue\u00bb el_class=\u00bbgrid grid-pad\u00bb][vc_column el_class=\u00bbcol-10-12 tablet-col-1-1&#8243;][vc_single_image image=\u00bb32207&#8243; img_size=\u00bbfull\u00bb alignment=\u00bbcenter\u00bb][vc_single_image image=\u00bb32209&#8243; img_size=\u00bbfull\u00bb alignment=\u00bbcenter\u00bb][vc_single_image image=\u00bb32212&#8243; img_size=\u00bbfull\u00bb alignment=\u00bbcenter\u00bb][vc_single_image image=\u00bb32214&#8243; img_size=\u00bbfull\u00bb alignment=\u00bbcenter\u00bb][\/vc_column][\/vc_row][vc_row centrar=\u00bbtrue\u00bb el_class=\u00bbgrid grid-pad\u00bb css=\u00bb.vc_custom_1653642711405{background-color: #b2d69a !important;}\u00bb][vc_column el_class=\u00bbcol-1-1 tablet-col-1-1&#8243; css=\u00bb.vc_custom_1653642725553{background-color: #b2d69a !important;}\u00bb][\/vc_column][\/vc_row][vc_row centrar=\u00bbtrue\u00bb el_class=\u00bbgrid grid-pad\u00bb][vc_column el_class=\u00bbcol-1-1 tablet-col-1-1&#8243;][\/vc_column][\/vc_row]<\/p>\n","protected":false},"author":46,"featured_media":0,"comment_status":"open","ping_status":"open","sticky":false,"template":"","format":"standard","meta":[],"categories":[42,59],"tags":[],"acf":[],"_links":{"self":[{"href":"\/content-local\/wp-json\/wp\/v2\/posts\/32197"}],"collection":[{"href":"\/content-local\/wp-json\/wp\/v2\/posts"}],"about":[{"href":"\/content-local\/wp-json\/wp\/v2\/types\/post"}],"author":[{"embeddable":true,"href":"\/content-local\/wp-json\/wp\/v2\/users\/46"}],"replies":[{"embeddable":true,"href":"\/content-local\/wp-json\/wp\/v2\/comments?post=32197"}],"version-history":[{"count":17,"href":"\/content-local\/wp-json\/wp\/v2\/posts\/32197\/revisions"}],"predecessor-version":[{"id":32309,"href":"\/content-local\/wp-json\/wp\/v2\/posts\/32197\/revisions\/32309"}],"wp:attachment":[{"href":"\/content-local\/wp-json\/wp\/v2\/media?parent=32197"}],"wp:term":[{"taxonomy":"category","embeddable":true,"href":"\/content-local\/wp-json\/wp\/v2\/categories?post=32197"},{"taxonomy":"post_tag","embeddable":true,"href":"\/content-local\/wp-json\/wp\/v2\/tags?post=32197"}],"curies":[{"name":"wp","href":"https:\/\/api.w.org\/{rel}","templated":true}]}}