

    {"id":162316,"date":"2026-08-24T11:07:55","date_gmt":"2026-08-24T09:07:55","guid":{"rendered":"https:\/\/ms-contentfactory.srv.vocento.in\/contentfactorylocal\/?p=162316"},"modified":"2026-08-28T11:50:29","modified_gmt":"2026-08-28T09:50:29","slug":"el-gran-viaje-partida-y-regreso-25-anos-de-coleccionismo-y-pasion","status":"publish","type":"post","link":"\/content-local\/el-gran-viaje-partida-y-regreso-25-anos-de-coleccionismo-y-pasion\/","title":{"rendered":"El &#8216;Gran Viaje. Partida y regreso&#8217;, 25 a\u00f1os de coleccionismo y pasi\u00f3n"},"content":{"rendered":"<p>[vc_row el_class=\u00bbcol-1-1 tablet-col-1-1&#8243;][vc_column el_class=\u00bbcol-1-1 tablet-col-1-1&#8243;]\n        <div class='fullimg principal'>\n            <div class='tituloemergente'>\n                <div class='grid grid-pad'>\n                    <a class='open-btn close-nav quees' href=''>\n                        <span class='p-content'>Grupo Disaldor<\/span>\n                    <\/a>\n                    <h1><strong>El 'Gran Viaje. Partida y regreso', 25 a\u00f1os de coleccionismo y pasi\u00f3n<\/strong><p>Esta colecci\u00f3n, que reconstruye el viaje desde que lo inicia Bilbo y lo finaliza Frodo, desde La Comarca hasta Mordor y el posterior regreso, se podr\u00e1 ver en la Feria de Valladolid del 9 al 13 de septiembre<\/p><\/h1>\n                <\/div>\n            <\/div>\n        <figure class='videoPrincipal'><img src='\/content-local\/wp-content\/uploads\/sites\/10\/2026\/08\/disaldor-portada.jpg'><\/figure><\/div>[\/vc_column][\/vc_row][vc_row centrar=\u00bbtrue\u00bb el_class=\u00bbgrid grid-pad\u00bb][vc_column el_class=\u00bbcol-1-1 tablet-col-1-1&#8243;]<div class='firmaRRSS '>\n       <div class='info'><address class='firmaAutor' data-autor='Content Local'><img src=\"\"> Content Local<\/address><time class='publicacion'>\n         24 agosto, 2026 - 11:07<\/time><\/div>\n           <div class='compartir'><p>Compartir<\/p><ul>\n                <li class='facebook'>\n                            <a href='https:\/\/www.facebook.com\/sharer\/sharer.php?u=https:\/\/elnortedecastilla.es\/content-local\/el-gran-viaje-partida-y-regreso-25-anos-de-coleccionismo-y-pasion\/' class='bcl-compartir-fb' data-voc-vtm-id='compartirrrss' data-voc-vtm-info='facebook' target='_blank' title='Compartelo en Facebook' rel='nofollow'>\n                        <i class='facebook'><\/i>\n                    <\/a>\n                <\/li><li class='twitter'>\n                    <a href='https:\/\/twitter.com\/intent\/tweet?text=https:\/\/elnortedecastilla.es\/content-local\/el-gran-viaje-partida-y-regreso-25-anos-de-coleccionismo-y-pasion\/' class='bcl-compartir-tw twitter' data-voc-vtm-id='compartirrrss' data-voc-vtm-info='twitter' target='_blank' title='Compartelo en Twitter' rel='nofollow'>\n                        <i class='twitter'><\/i>\n                    <\/a>\n                <\/li><li class='whatsapp'>\n                    <a href='whatsapp:\/\/send?text=https:\/\/elnortedecastilla.es\/content-local\/el-gran-viaje-partida-y-regreso-25-anos-de-coleccionismo-y-pasion\/' data-voc-vtm-id='compartirrrss' data-voc-vtm-info='whatsapp' class='whatsapp' target='_blank' title='Compartelo en whatsapp' rel='nofollow'>\n                        <i class='whatsapp'><\/i>\n                    <\/a>\n                <\/li>\n    \n    <\/ul><\/div><\/div>[\/vc_column][\/vc_row][vc_row centrar=\u00bbtrue\u00bb el_class=\u00bbgrid grid-pad\u00bb][vc_column el_class=\u00bbcol-10-12 tablet-col-1-1&#8243;]\n        <blockquote class=\"derecha \">\n\t\t<p class=\"parrafocount\"><span style=\"color: #ffffff\">\u00abNo queremos que el visitante simplemente camine entre figuras. Queremos que se sienta dentro de la historia, dentro de un recorrido, dentro de un viaje\u00bb<\/span><\/p>\n        <address>Alberto<\/address>\n\t\t<\/blockquote>\n    <p class=\"parrafocount\"><\/p><p class='parrafocount'><p class=\"has-drop-cap parrafocount\"><span style=\"color: #ffffff\">Alberto ten\u00eda 10 a\u00f1os. A su hermano le hab\u00edan regalado unos libros, &#8216;El Hobbit&#8217; y &#8216;El Se\u00f1or de los Anillos&#8217;, y le dijo: &#8216;L\u00e9elos, te van a gustar&#8217;. Ah\u00ed comenz\u00f3 su contacto con Tolkien, se inici\u00f3 una relaci\u00f3n que le persigue en su vida. \u00abNo pod\u00eda imaginar que aquellos libros, que todav\u00eda conservo y que ahora est\u00e1n desgastados por las numerosas lecturas, iban a acompa\u00f1arme hasta la fecha y que acabar\u00edan teniendo una influencia tan grande en mi vida, tanto personal como profesionalmente. Primero fue la curiosidad. Despu\u00e9s, la fascinaci\u00f3n y la necesidad de saber m\u00e1s\u00bb.<\/strong><\/p><p class='parrafocount'><p class='parrafocount'><\/p>[vc_empty_space height=\u00bb16px\u00bb]<p class=\"parrafocount\"><span style=\"color: #ffffff\">Ese viaje comienza del 9 al 13 de septiembre, de 11:30 a 21:00 h., en la Feria de Valladolid. Los interesados podr\u00e1n conseguir entradas anticipadas y m\u00e1s informaci\u00f3n en <a style=\"color: #ffffff\" href=\"https:\/\/www.elgranviaje.es\/\" rel=\"nofollow\">www.elgranviaje.es<\/a>, y en las taquillas habilitadas en el hall del Pabell\u00f3n 2, seg\u00fan disponibilidad.<\/strong><\/p><p class='parrafocount'><p class='parrafocount'><span style=\"color: #ffffff\">Un viaje que tuvo un hito fundamental cuando llegaron las pel\u00edculas del universo Tolkien.\u00a0En el a\u00f1o 2001, estrenaron en cines &#8216;La Comunidad del Anillo&#8217;, \u00aby recuerdo que hasta entonces me imaginaba c\u00f3mo conseguir\u00edan llevar a la gran pantalla algunas de las cosas que durante a\u00f1os solo hab\u00edan existido en mi imaginaci\u00f3n. \u00bfC\u00f3mo har\u00e1n a Gollum? \u00bfC\u00f3mo ser\u00e1n los Ents? \u00bfC\u00f3mo conseguir\u00e1n un Balrog? \u00bfY el mism\u00edsimo Sauron? Era muy emocionante pensar que aquellos personajes, criaturas y lugares que hab\u00edamos imaginado al leer los libros iban a convertirse en algo real en una pantalla\u00bb.<\/strong><\/p>[\/vc_column][\/vc_row][vc_row centrar=\u00bbtrue\u00bb el_class=\u00bbgrid grid-pad\u00bb][vc_column el_class=\u00bbcol-10-12 tablet-col-1-1&#8243;][vc_single_image image=\u00bb162321&#8243; img_size=\u00bbfull\u00bb alignment=\u00bbcenter\u00bb]<p class=\"parrafocount\"><span style=\"color: #ffffff\">Deseaba guardar, conservar, o mejor dicho coleccionar, todo lo relacionado con el mundo Tolkien. \u00abEl coleccionismo comenz\u00f3 con las pel\u00edculas en DVD y, especialmente, con las ediciones de coleccionista. En aquellas ediciones ven\u00edan figuras de Weta realizadas en resina. Poco a poco fui comprando figuras de manera espor\u00e1dica hasta que la colecci\u00f3n fue creciendo. Todav\u00eda conservo las tres ediciones de coleccionista precintadas. Con el tiempo, aquellas compras puntuales terminaron convirti\u00e9ndose en una colecci\u00f3n\u00bb.<\/strong><\/p>[vc_single_image image=\u00bb162322&#8243; img_size=\u00bbfull\u00bb alignment=\u00bbcenter\u00bb]<p class=\"parrafocount\"><span style=\"color: #ffffff\">Y la colecci\u00f3n se convirti\u00f3 en el gran viaje. \u00abLleg\u00f3 un momento en el que dej\u00e9 de pensar en las piezas como elementos independientes, y pens\u00e9 en reconstruir el viaje desde que lo inicia Bilbo y lo finaliza Frodo, desde La Comarca hasta Mordor y el posterior regreso. Y de ah\u00ed nace &#8216;El Gran Viaje. Partida y Regreso&#8217;. La idea no era simplemente reunir personajes. Quer\u00eda reconstruir el viaje. La partida. El camino. Los diferentes lugares por los que transcurre la historia. Y finalmente, el regreso. Por eso el proyecto no consiste simplemente en colocar una colecci\u00f3n de figuras en una sala. El propio recorrido del visitante sigue una historia\u00bb.<\/strong><\/p>[vc_custom_heading text=\u00bb25 a\u00f1os en torno al universo Tolkien\u00bb font_container=\u00bbtag:h2|text_align:left|color:%23ffffff\u00bb]<p class=\"parrafocount\"><span style=\"color: #ffffff\">Alberto reconoce que, desde hace 25 a\u00f1os, su vida ha girado en torno al universo Tolkien, tanto en lo personal como en lo profesional. Lo que comenz\u00f3 como un hobby termin\u00f3 convirti\u00e9ndose en su manera de entender la vida. \u00abY acab\u00e9 haciendo de mi pasi\u00f3n mi profesi\u00f3n. Hace m\u00e1s de 20 a\u00f1os fund\u00e9 La Forja de Rivendel, hoy llamada La Forja del Coleccionista. Este universo ha terminado formando parte de qui\u00e9n soy y de lo que hago\u00bb.<\/strong><\/p>[vc_single_image image=\u00bb162323&#8243; img_size=\u00bbfull\u00bb alignment=\u00bbcenter\u00bb]<p class=\"parrafocount\"><span style=\"color: #ffffff\">Aunque ama a todas y cada una de sus piezas coleccionadas, hay dos especialmente importantes para \u00e9l por su valor simb\u00f3lico: \u00abEl Nazg\u00fbl a caballo, una de las piezas que m\u00e1s significado tiene para m\u00ed por todo lo que representa dentro de la historia, y Gandalf el Gris \u2013 Premium Format, que representa al mago guiando a la Compa\u00f1\u00eda del Anillo por Moria. Esta pieza tiene para m\u00ed un valor especial porque no representa simplemente a un personaje, sino un momento del viaje. Y eso conecta directamente con la filosof\u00eda que acabar\u00eda dando origen a El Gran Viaje\u00bb.<\/strong><\/p>[vc_custom_heading text=\u00bbUna filosof\u00eda que va m\u00e1s all\u00e1 del coleccionismo\u00bb font_container=\u00bbtag:h2|text_align:left|color:%23ffffff\u00bb]<p class=\"parrafocount\"><span style=\"color: #ffffff\">Alberto no considera haber hecho grandes sacrificios para poseer esta colecci\u00f3n. \u00abEs una cuesti\u00f3n de prioridades. Podr\u00eda invertir el tiempo y el dinero en otras cosas, pero esto me hace feliz. Y hay una frase que resume bastante bien mi manera de entender, no solo el coleccionismo, sino tambi\u00e9n la vida: &#8216;Mientras encuentras lo que buscas, s\u00e9 feliz con lo que tienes&#8217;. Disfruta de lo que ya has conseguido mientras sigues luchando por alcanzar nuevas metas. Siempre hay una pieza que quieres encontrar, algo que quieres conseguir o un nuevo proyecto que te gustar\u00eda hacer. Y est\u00e1 bien perseguirlo. Si llega, estupendo. Y si no, no pasa nada: puedes seguir disfrutando de todo lo que ya has conseguido. Creo que es importante no convertir la b\u00fasqueda del siguiente objetivo en una condici\u00f3n para ser feliz\u00bb.<\/strong><\/p>[vc_single_image image=\u00bb162324&#8243; img_size=\u00bbfull\u00bb alignment=\u00bbcenter\u00bb]<p class=\"parrafocount\"><span style=\"color: #ffffff\">Habitualmente, los coleccionistas consiguen una pieza y, pr\u00e1cticamente al d\u00eda siguiente, empiezan a pensar en la siguiente. Alberto no. \u00abYo intento disfrutar de lo que ya tengo mientras sigo buscando. Esa forma de entender el coleccionismo es tambi\u00e9n una manera de entender la vida\u00bb.<\/strong><\/p>[vc_single_image image=\u00bb162326&#8243; img_size=\u00bbfull\u00bb alignment=\u00bbcenter\u00bb]<p class=\"parrafocount\"><span style=\"color: #ffffff\">Pero Alberto lleg\u00f3 a tener dudas, incluso pens\u00f3 en dejar de coleccionar. \u00abEn alg\u00fan momento mir\u00e9 todo lo que hab\u00eda reunido y me preguntaba: &#8216;\u00bfPara qu\u00e9 quiero todo esto?&#8217;. Pero ahora veo la respuesta de una manera diferente. Durante muchos a\u00f1os, la colecci\u00f3n fue algo privado pero al poder mostrarla y compartirla con todo el mundo, todo empieza a tener sentido. Las piezas dejan de estar simplemente reunidas. Pueden provocar algo en otras personas y despertar recuerdos. Pueden sorprender y hacer que alguien vuelva a sentir algo que sinti\u00f3 cuando descubri\u00f3 esta historia por primera vez. Y eso es lo que da sentido a abrir la colecci\u00f3n al p\u00fablico\u00bb.<\/strong><\/p>[vc_single_image image=\u00bb162328&#8243; img_size=\u00bbfull\u00bb alignment=\u00bbcenter\u00bb]<p class=\"parrafocount\"><span style=\"color: #ffffff\">Su ilusi\u00f3n es que los ni\u00f1os de 10 a\u00f1os, la misma edad que ten\u00eda \u00e9l cuando conoci\u00f3 este mundo fant\u00e1stico, cuando vean la colecci\u00f3n por primera vez \u00absientan algo parecido a lo que yo sent\u00ed cuando le\u00ed &#8216;El Hobbit&#8217; por primera vez, algo que les despierte la imaginaci\u00f3n y les empuje a conocer la historia, que salgan haciendo preguntas y quieran leer el libro. Porque, en cierto modo, me gustar\u00eda que alguien de esa edad pudiera experimentar algo parecido a lo que yo experiment\u00e9\u00bb.<\/strong><\/p>[vc_custom_heading text=\u00bbUn recorrido, una vivencia\u00bb font_container=\u00bbtag:h2|text_align:left|color:%23ffffff\u00bb]<p class=\"parrafocount\"><span style=\"color: #ffffff\">\u00bfY qu\u00e9 quiere Alberto que sienta alguien de 45 o 50 a\u00f1os? \u00abNo s\u00e9 exactamente qu\u00e9 sentir\u00e1 cada persona. Pero hay algo que personalmente me gustar\u00eda provocar. Que al terminar el recorrido y salir, esa persona mire hacia atr\u00e1s. Y recuerde la conversaci\u00f3n entre Bilbo y Gandalf: &#8216;\u00bfMe prometes que volver\u00e9?&#8217; Y Gandalf responde: &#8216;No, y si lo haces, no ser\u00e1s el mismo&#8217;. Para m\u00ed esa idea representa muy bien lo que significa un viaje. No se trata simplemente de entrar en un espacio, ver unas figuras y salir. Se trata de hacer un recorrido y salir habiendo vivido algo\u00bb.<\/strong><\/p>[vc_single_image image=\u00bb162430&#8243; img_size=\u00bbfull\u00bb alignment=\u00bbcenter\u00bb]<p class=\"parrafocount\"><span style=\"color: #ffffff\"><strong>&#8216;El Gran Viaje. Partida y Regreso&#8217; no es una exposici\u00f3n tradicional ni una muestra inmersiva con el significado que hoy se da a esta palabra. Es un recorrido ambientado.<\/strong> \u00abLa diferencia fundamental est\u00e1 en el entorno y el recorrido. En una muestra tradicional puedes caminar entre figuras, vitrinas o piezas. Aqu\u00ed queremos hacer algo diferente. No queremos que el visitante simplemente camine entre figuras. Queremos que se sienta dentro de la historia, de un recorrido, de un viaje. Por eso hay escenograf\u00eda, iluminaci\u00f3n ambiental, diferentes espacios y escenas. Las piezas forman parte del recorrido. No son elementos aislados\u00bb.<\/strong><\/p>[vc_custom_heading text=\u00bbEl descubrimiento forma parte de la experiencia\u00bb font_container=\u00bbtag:h2|text_align:left|color:%23ffffff\u00bb]<p class=\"parrafocount\"><span style=\"color: #ffffff\">Hay muchos momentos que el visitante recordar\u00e1. Adem\u00e1s de las piezas de colecci\u00f3n, existen escenarios y elementos creados espec\u00edficamente para la experiencia. Hay incluso piezas producidas en exclusiva para este proyecto. Y, probablemente, habr\u00e1 cosas que muchos visitantes ni siquiera imaginar\u00e1n que van a encontrarse all\u00ed. \u00abUna parte importante de la experiencia est\u00e1 precisamente en el descubrimiento. No queremos ense\u00f1ar absolutamente todo antes de que el p\u00fablico llegue. Queremos que algunas cosas se descubran al recorrerlo\u00bb.<\/strong><\/p><p class='parrafocount'><p class='parrafocount'><span style=\"color: #ffffff\">Hay un detalle del dise\u00f1o del recorrido que para Alberto tiene un significado especial. El visitante llega al final del viaje, a Mordor, pero todav\u00eda no ha terminado la experiencia. Para salir del recinto tiene que recorrer de nuevo el camino por el que ha venido. Volver sobre sus pasos. \u00abY es precisamente ah\u00ed donde cobra sentido el Partida y Regreso del nombre. Despu\u00e9s de llegar al final, el visitante emprende su propio regreso. Y me gustar\u00eda que, al llegar al umbral de la puerta de salida, se detuviera un instante y mirara hacia atr\u00e1s. Que volviera la vista hacia todo lo que acaba de recorrer\u00bb. Y que pensara: &#8216;Nunca hubiera imaginado que alguien pudiera tener tanta pasi\u00f3n por este universo y que hubiera hecho todo este esfuerzo para reunir toda esta colecci\u00f3n&#8217;. Para m\u00ed, ese ser\u00eda el mejor final posible. Porque despu\u00e9s de 25 a\u00f1os, la colecci\u00f3n ya no tendr\u00eda que quedarse \u00fanicamente conmigo. El visitante habr\u00eda hecho el viaje, habr\u00eda visto lo que yo he ido reuniendo durante todos estos a\u00f1os y, en unos minutos, habr\u00eda podido entender por qu\u00e9 para m\u00ed todo esto significa tanto\u00bb.<\/strong><\/p>[vc_single_image image=\u00bb162331&#8243; img_size=\u00bbfull\u00bb alignment=\u00bbcenter\u00bb]<p class=\"parrafocount\"><span style=\"color: #ffffff\">\u00c9l mostrar\u00eda su satisfacci\u00f3n si el visitante saliese entendiendo la pasi\u00f3n que hay detr\u00e1s de su colecci\u00f3n, que comprendiera que todo esto no apareci\u00f3 de repente para organizar un evento. \u00abHay 25 a\u00f1os detr\u00e1s de cada pieza, de cada decisi\u00f3n y de cada parte del proyecto. Hay pasi\u00f3n por querer tener un peque\u00f1o pedacito de una saga que marc\u00f3 a una generaci\u00f3n.\u00a0 Y despu\u00e9s de 25 a\u00f1os, esas peque\u00f1as partes han terminado formando algo mucho m\u00e1s grande\u00bb.<\/strong><\/p>[vc_custom_heading text=\u00bbEl c\u00edrculo se cierra\u00bb font_container=\u00bbtag:h2|text_align:left|color:%23ffffff\u00bb]<p class=\"parrafocount\"><span style=\"color: #ffffff\">Ahora, esa colecci\u00f3n que durante tantos a\u00f1os estuvo en manos de una sola persona, puede convertirse en el viaje de miles de personas. El visitante parte de La Comarca, recorre el camino hasta Mordor y\u00a0 regresa sobre sus propios pasos. Y al cruzar la puerta de salida, puede mirar atr\u00e1s. Quiz\u00e1 durante un instante deje de ser simplemente un visitante y entienda la historia que hay detr\u00e1s de todo aquello. Entonces, el viaje estar\u00e1 realmente completo.<\/strong><\/p>[vc_single_image image=\u00bb162334&#8243; img_size=\u00bbfull\u00bb alignment=\u00bbcenter\u00bb]<p class=\"parrafocount\"><span style=\"color: #ffffff\">Quiz\u00e1 esta sea la parte m\u00e1s bonita de toda la historia. Todo comenz\u00f3 cuando un ni\u00f1o de unos 10 a\u00f1os recibi\u00f3 de su hermano dos libros y escuch\u00f3: &#8216;L\u00e9elos, te van a gustar&#8217;. Ese ni\u00f1o, hoy, cumpli\u00f3 un enorme trocito de sus sue\u00f1os.<\/strong><\/p>[\/vc_column][\/vc_row][vc_row centrar=\u00bbtrue\u00bb el_class=\u00bbgrid grid-pad\u00bb][vc_column el_class=\u00bbcol-1-1 tablet-col-1-1&#8243;]\n        <div class='bloque'>\n         <div class='compartir'><p>Compartir<\/p><ul>\n                <li class='facebook'>\n                            <a href='https:\/\/www.facebook.com\/sharer\/sharer.php?u=https:\/\/elnortedecastilla.es' class='bcl-compartir-fb' target='_blank' title='Compartelo en Facebook' rel='nofollow'>\n                        <i class='facebook'><\/i>\n                    <\/a>\n                <\/li><li class='twitter'>\n                    <a href='https:\/\/twitter.com\/intent\/tweet?text=https:\/\/elnortedecastilla.es' class='bcl-compartir-tw twitter' target='_blank' title='Compartelo en Twitter' rel='nofollow'>\n                        <i class='twitter'><\/i>\n                    <\/a>\n                <\/li><li class='whatsapp'>\n                    <a href='whatsapp:\/\/send?text=https:\/\/elnortedecastilla.es' class='whatsapp' target='_blank' title='Compartelo en whatsapp' rel='nofollow'>\n                        <i class='whatsapp'><\/i>\n                    <\/a>\n                <\/li>\n                   <\/ul><\/div>\n        <div class='pie-ad '>\n            <p><span style=\"color: #ffffff\">Contenido para<strong> GRUPO DISALDOR<\/strong>\u00a0 editado por <strong>Content Local<\/strong>.<\/span><\/p>\n        <\/div><\/div>[\/vc_column][\/vc_row]<\/p>\n","protected":false},"excerpt":{"rendered":"<p>[vc_row el_class=\u00bbcol-1-1 tablet-col-1-1&#8243;][vc_column el_class=\u00bbcol-1-1 tablet-col-1-1&#8243;][\/vc_column][\/vc_row][vc_row centrar=\u00bbtrue\u00bb el_class=\u00bbgrid grid-pad\u00bb][vc_column el_class=\u00bbcol-1-1 tablet-col-1-1&#8243;][\/vc_column][\/vc_row][vc_row centrar=\u00bbtrue\u00bb el_class=\u00bbgrid grid-pad\u00bb][vc_column el_class=\u00bbcol-10-12 tablet-col-1-1&#8243;][vc_empty_space height=\u00bb16px\u00bb][\/vc_column][\/vc_row][vc_row centrar=\u00bbtrue\u00bb el_class=\u00bbgrid grid-pad\u00bb][vc_column el_class=\u00bbcol-10-12 tablet-col-1-1&#8243;][vc_single_image image=\u00bb162321&#8243; img_size=\u00bbfull\u00bb alignment=\u00bbcenter\u00bb][vc_single_image image=\u00bb162322&#8243; img_size=\u00bbfull\u00bb alignment=\u00bbcenter\u00bb][vc_custom_heading text=\u00bb25 a\u00f1os en torno al universo Tolkien\u00bb font_container=\u00bbtag:h2|text_align:left|color:%23ffffff\u00bb][vc_single_image image=\u00bb162323&#8243; img_size=\u00bbfull\u00bb alignment=\u00bbcenter\u00bb][vc_custom_heading text=\u00bbUna filosof\u00eda que va m\u00e1s all\u00e1 del coleccionismo\u00bb font_container=\u00bbtag:h2|text_align:left|color:%23ffffff\u00bb][vc_single_image image=\u00bb162324&#8243; img_size=\u00bbfull\u00bb alignment=\u00bbcenter\u00bb][vc_single_image image=\u00bb162326&#8243; img_size=\u00bbfull\u00bb alignment=\u00bbcenter\u00bb][vc_single_image image=\u00bb162328&#8243; img_size=\u00bbfull\u00bb [&hellip;]<\/p>\n","protected":false},"author":46,"featured_media":0,"comment_status":"closed","ping_status":"closed","sticky":false,"template":"","format":"standard","meta":[],"categories":[42],"tags":[],"acf":[],"_links":{"self":[{"href":"\/content-local\/wp-json\/wp\/v2\/posts\/162316"}],"collection":[{"href":"\/content-local\/wp-json\/wp\/v2\/posts"}],"about":[{"href":"\/content-local\/wp-json\/wp\/v2\/types\/post"}],"author":[{"embeddable":true,"href":"\/content-local\/wp-json\/wp\/v2\/users\/46"}],"replies":[{"embeddable":true,"href":"\/content-local\/wp-json\/wp\/v2\/comments?post=162316"}],"version-history":[{"count":20,"href":"\/content-local\/wp-json\/wp\/v2\/posts\/162316\/revisions"}],"predecessor-version":[{"id":162433,"href":"\/content-local\/wp-json\/wp\/v2\/posts\/162316\/revisions\/162433"}],"wp:attachment":[{"href":"\/content-local\/wp-json\/wp\/v2\/media?parent=162316"}],"wp:term":[{"taxonomy":"category","embeddable":true,"href":"\/content-local\/wp-json\/wp\/v2\/categories?post=162316"},{"taxonomy":"post_tag","embeddable":true,"href":"\/content-local\/wp-json\/wp\/v2\/tags?post=162316"}],"curies":[{"name":"wp","href":"https:\/\/api.w.org\/{rel}","templated":true}]}}