

    {"id":130602,"date":"2025-06-03T13:14:52","date_gmt":"2025-06-03T11:14:52","guid":{"rendered":"https:\/\/ms-contentfactory.srv.vocento.in\/contentfactorylocal\/?p=130602"},"modified":"2025-07-17T10:54:00","modified_gmt":"2025-07-17T08:54:00","slug":"promociones-de-landco-en-valladolid","status":"publish","type":"post","link":"\/content-local\/promociones-de-landco-en-valladolid\/","title":{"rendered":"promociones de landco en valladolid"},"content":{"rendered":"<p>[vc_row el_class=\u00bbcol-1-1 tablet-col-1-1&#8243;][vc_column el_class=\u00bbcol-1-1 tablet-col-1-1&#8243;]\n        <div class='fullimg principal'>\n            <div class='tituloemergente'>\n                <div class='grid grid-pad'>\n                    <a class='open-btn close-nav quees' href=''>\n                        <span class='p-content'>LANDCO<\/span>\n                    <\/a>\n                    <h1><strong>Apuesta por Valladolid con promociones de garant\u00eda, calidad y encanto<\/strong><p>La promotora del Grupo Santander sacar\u00e1 a la venta pr\u00f3ximamente &#8216;LandCo Astrea&#8217;, en Los Santos Pilarica, y &#8216;LandCo Arroyo de la Encomienda 2&#8217;<\/p><\/h1>\n                <\/div>\n            <\/div>\n        <figure class='videoPrincipal'><img src='\/content-local\/wp-content\/uploads\/sites\/10\/2025\/06\/landcoportada.jpg'><\/figure><\/div>[\/vc_column][\/vc_row][vc_row centrar=\u00bbtrue\u00bb el_class=\u00bbgrid grid-pad\u00bb][vc_column el_class=\u00bbcol-1-1 tablet-col-1-1&#8243;]<div class='firmaRRSS '>\n       <div class='info'><address class='firmaAutor' data-autor='Content Local'><img src=\"\"> Content Local<\/address><time class='publicacion'>\n         3 junio, 2025 - 13:14<\/time><\/div>\n           <div class='compartir'><p>Compartir<\/p><ul>\n                <li class='facebook'>\n                            <a href='https:\/\/www.facebook.com\/sharer\/sharer.php?u=https:\/\/elnortedecastilla.es\/content-local\/promociones-de-landco-en-valladolid\/' class='bcl-compartir-fb' data-voc-vtm-id='compartirrrss' data-voc-vtm-info='facebook' target='_blank' title='Compartelo en Facebook' rel='nofollow'>\n                        <i class='facebook'><\/i>\n                    <\/a>\n                <\/li><li class='twitter'>\n                    <a href='https:\/\/twitter.com\/intent\/tweet?text=https:\/\/elnortedecastilla.es\/content-local\/promociones-de-landco-en-valladolid\/' class='bcl-compartir-tw twitter' data-voc-vtm-id='compartirrrss' data-voc-vtm-info='twitter' target='_blank' title='Compartelo en Twitter' rel='nofollow'>\n                        <i class='twitter'><\/i>\n                    <\/a>\n                <\/li><li class='whatsapp'>\n                    <a href='whatsapp:\/\/send?text=https:\/\/elnortedecastilla.es\/content-local\/promociones-de-landco-en-valladolid\/' data-voc-vtm-id='compartirrrss' data-voc-vtm-info='whatsapp' class='whatsapp' target='_blank' title='Compartelo en whatsapp' rel='nofollow'>\n                        <i class='whatsapp'><\/i>\n                    <\/a>\n                <\/li>\n    \n    <\/ul><\/div><\/div>[\/vc_column][\/vc_row][vc_row centrar=\u00bbtrue\u00bb el_class=\u00bbgrid grid-pad\u00bb][vc_column el_class=\u00bbcol-10-12 tablet-col-1-1&#8243;]\n        <blockquote class=\"derecha \">\n\t\t<p class=\"parrafocount\"><span style=\"color: #ffffff\">La especial financiaci\u00f3n ofrecida por el Banco Santander para los proyectos de LandCo es uno de sus grandes atractivos<\/span><\/p>\n        <address><\/address>\n\t\t<\/blockquote>\n    <p class=\"parrafocount\"><\/p><p class='parrafocount'><p class=\"has-drop-cap parrafocount\"><span style=\"color: #ffffff\">Desde la c\u00e9ntrica calle Miguel \u00cdscar, LandCo informa y comercializa promociones de garant\u00eda y calidad, avaladas por su gran equipo y experiencia, lo que demuestra su apuesta por la capital vallisoletana.<\/strong><\/p><p class='parrafocount'><p class='parrafocount'><\/p>[vc_empty_space height=\u00bb16px\u00bb]<p class=\"parrafocount\"><span style=\"color: #ffffff\">Actualmente, LandCo comercializa dos promociones en Valladolid, &#8216;LandCo Andr\u00f3meda&#8217; y &#8216;LandCo Arroyo&#8217;, y pr\u00f3ximamente sacar\u00e1 a la venta otras dos: &#8216;LandCo Astrea&#8217;, en Los Santos Pilarica, y &#8216;LandCo Arroyo de la Encomienda 2&#8217;.<\/strong><\/p>[\/vc_column][\/vc_row][vc_row centrar=\u00bbtrue\u00bb el_class=\u00bbgrid grid-pad\u00bb][vc_column el_class=\u00bbcol-10-12 tablet-col-1-1&#8243;][vc_custom_heading text=\u00bb&#8216;LandCo Andr\u00f3meda'\u00bb font_container=\u00bbtag:h2|text_align:left|color:%23ffffff\u00bb]<p class=\"parrafocount\"><span style=\"color: #ffffff\">Ubicada en Los Santos Pilarica, &#8216;LandCo Andr\u00f3meda&#8217; se encuentra en una de las zonas de nueva expansi\u00f3n de la capital vallisoletana m\u00e1s atractivas por su moderno concepto de urbanizaci\u00f3n, con amplias aceras, zonas verdes y amplitud de espacios.<\/strong><\/p><p class='parrafocount'><p class='parrafocount'><span style=\"color: #ffffff\">Un lugar perfectamente comunicado gracias al paso subterr\u00e1neo de la calle Andr\u00f3meda con la calle Nochevieja, que permite una r\u00e1pida conexi\u00f3n con tr\u00e1nsito peatonal y de veh\u00edculos con el otro lado de la l\u00ednea de Alta Velocidad, donde se encuentra el campus universitario de Valladolid y la proximidad al centro del municipio.<\/strong><\/p><p class='parrafocount'><p class='parrafocount'><span style=\"color: #ffffff\">Un espacio perfecto para vivir y disfrutar de un entorno urbano de calidad con todos los servicios necesarios a un paso; colegios, institutos, centros de salud, supermercados, centros deportivos&#8230;<\/strong><\/p>[vc_single_image image=\u00bb130617&#8243; img_size=\u00bbfull\u00bb alignment=\u00bbcenter\u00bb]<p class=\"parrafocount\"><span style=\"color: #ffffff\">Un proyecto exclusivo, de calidad, con 56 viviendas, a elegir entre 1 y 2 dormitorios, y todas ellas con garaje, trastero y terrazas, en una magn\u00edfica zona comunitaria donde disfrutar del \u00e1rea de juegos infantiles para el entretenimiento de los m\u00e1s peque\u00f1os, zonas verdes y piscina.<\/strong><\/p><p class='parrafocount'><p class='parrafocount'><span style=\"color: #ffffff\">Un proyecto que est\u00e1 siendo muy demandado por inversores y compradores que encuentran en este tipo de vivienda, la opci\u00f3n que estaban buscando por su forma de pago, ubicaci\u00f3n y tipolog\u00eda.<\/strong><\/p>[vc_custom_heading text=\u00bb\u2018LandCo Arroyo\u2019\u00bb font_container=\u00bbtag:h2|text_align:left|color:%23ffffff\u00bb]<p class=\"parrafocount\"><span style=\"color: #ffffff\">Este proyecto exclusivo y de calidad, ubicado en Arroyo de la Encomienda, cuenta con 52 viviendas, de 2 y 3 dormitorios, seg\u00fan necesidades, y todas ellas con garaje, trastero y terrazas, en unas magn\u00edfica zona comunitaria donde disfrutar del \u00e1rea de juegos infantiles para el entretenimiento de los m\u00e1s peque\u00f1os, zonas verdes y piscina.<\/strong><\/p>[vc_single_image image=\u00bb130624&#8243; img_size=\u00bbfull\u00bb alignment=\u00bbcenter\u00bb]<p class=\"parrafocount\"><span style=\"color: #ffffff\">LandCo, compa\u00f1\u00eda del Grupo Santander, que desde su creaci\u00f3n ha gestionado la promoci\u00f3n de 1.100 viviendas en 27 promociones a nivel nacional, ofrece siempre un servicio avalado por su gran equipo y experiencia. \u00abSomos una compa\u00f1\u00eda con implantaci\u00f3n a nivel nacional, especializada en el desarrollo integral de todo el ciclo de vida del suelo, enfocada a la generaci\u00f3n de valor de los activos, su transformaci\u00f3n y venta, a trav\u00e9s de equipos locales con gran conocimiento del sector, un riguroso control operacional y las herramientas tecnol\u00f3gicas m\u00e1s avanzadas. Y todo ello con la garant\u00eda y el respaldo del Grupo Santander\u00bb.<\/strong><\/p><p class='parrafocount'><p class='parrafocount'><span style=\"color: #ffffff\">Esa especial financiaci\u00f3n ofrecida por el Banco Santander en los proyectos que tiene LandCo en Valladolid de hasta un 90% constituir\u00e1 su gran fortaleza. El resultado ser\u00e1 una forma de pago \u00fanica de un 5% a la entrada y un 5% aplazado durante el desarrollo de la obra. \u00abEs algo diferencial al alcance de todos los clientes. Nuestro esfuerzo, ilusi\u00f3n y experiencia tienen un poder transformador, vemos un futuro pr\u00f3ximo lleno de valor\u00bb.<\/strong><\/p>[vc_empty_space height=\u00bb16px\u00bb][\/vc_column][\/vc_row][vc_row centrar=\u00bbtrue\u00bb el_class=\u00bbgrid grid-pad\u00bb css=\u00bb.vc_custom_1748949850195{background-color: #ffffff !important;}\u00bb][vc_column el_class=\u00bbcol-1-1 tablet-col-1-1&#8243; css=\u00bb.vc_custom_1748949860138{background-color: #ffffff !important;}\u00bb]\n        <h2 class=\"\">OFICINA DE LANDCO EN VALLADOLID<\/h2>\n    <p class=\"parrafocount\"><strong>Direcci\u00f3n:<\/strong> C\/ Miguel \u00cdscar, 2, bajo.<\/p><p class='parrafocount'><p class='parrafocount'><strong>Tel\u00e9fono:<\/strong> 983 10 22 22<\/p>[\/vc_column][\/vc_row][vc_row centrar=\u00bbtrue\u00bb el_class=\u00bbgrid grid-pad\u00bb][vc_column el_class=\u00bbcol-1-1 tablet-col-1-1&#8243;]\n        <div class='bloque'>\n         <div class='compartir'><p>Compartir<\/p><ul>\n                <li class='facebook'>\n                            <a href='https:\/\/www.facebook.com\/sharer\/sharer.php?u=https:\/\/elnortedecastilla.es' class='bcl-compartir-fb' target='_blank' title='Compartelo en Facebook' rel='nofollow'>\n                        <i class='facebook'><\/i>\n                    <\/a>\n                <\/li><li class='twitter'>\n                    <a href='https:\/\/twitter.com\/intent\/tweet?text=https:\/\/elnortedecastilla.es' class='bcl-compartir-tw twitter' target='_blank' title='Compartelo en Twitter' rel='nofollow'>\n                        <i class='twitter'><\/i>\n                    <\/a>\n                <\/li><li class='whatsapp'>\n                    <a href='whatsapp:\/\/send?text=https:\/\/elnortedecastilla.es' class='whatsapp' target='_blank' title='Compartelo en whatsapp' rel='nofollow'>\n                        <i class='whatsapp'><\/i>\n                    <\/a>\n                <\/li>\n                   <\/ul><\/div>\n        <div class='pie-ad '>\n            <p><span style=\"color: #ffffff\">Contenido para<strong> LANDCO<\/strong> editado por <strong>Content Local<\/strong>.<\/span><\/p>\n        <\/div><\/div>[\/vc_column][\/vc_row]<\/p>\n","protected":false},"excerpt":{"rendered":"<p>[vc_row el_class=\u00bbcol-1-1 tablet-col-1-1&#8243;][vc_column el_class=\u00bbcol-1-1 tablet-col-1-1&#8243;][\/vc_column][\/vc_row][vc_row centrar=\u00bbtrue\u00bb el_class=\u00bbgrid grid-pad\u00bb][vc_column el_class=\u00bbcol-1-1 tablet-col-1-1&#8243;][\/vc_column][\/vc_row][vc_row centrar=\u00bbtrue\u00bb el_class=\u00bbgrid grid-pad\u00bb][vc_column el_class=\u00bbcol-10-12 tablet-col-1-1&#8243;][vc_empty_space height=\u00bb16px\u00bb][\/vc_column][\/vc_row][vc_row centrar=\u00bbtrue\u00bb el_class=\u00bbgrid grid-pad\u00bb][vc_column el_class=\u00bbcol-10-12 tablet-col-1-1&#8243;][vc_custom_heading text=\u00bb&#8216;LandCo Andr\u00f3meda&#8217;\u00bb font_container=\u00bbtag:h2|text_align:left|color:%23ffffff\u00bb][vc_single_image image=\u00bb130617&#8243; img_size=\u00bbfull\u00bb alignment=\u00bbcenter\u00bb][vc_custom_heading text=\u00bb\u2018LandCo Arroyo\u2019\u00bb font_container=\u00bbtag:h2|text_align:left|color:%23ffffff\u00bb][vc_single_image image=\u00bb130624&#8243; img_size=\u00bbfull\u00bb alignment=\u00bbcenter\u00bb][vc_empty_space height=\u00bb16px\u00bb][\/vc_column][\/vc_row][vc_row centrar=\u00bbtrue\u00bb el_class=\u00bbgrid grid-pad\u00bb css=\u00bb.vc_custom_1748949850195{background-color: #ffffff !important;}\u00bb][vc_column el_class=\u00bbcol-1-1 tablet-col-1-1&#8243; css=\u00bb.vc_custom_1748949860138{background-color: #ffffff !important;}\u00bb][\/vc_column][\/vc_row][vc_row centrar=\u00bbtrue\u00bb el_class=\u00bbgrid grid-pad\u00bb][vc_column el_class=\u00bbcol-1-1 tablet-col-1-1&#8243;][\/vc_column][\/vc_row]<\/p>\n","protected":false},"author":46,"featured_media":0,"comment_status":"closed","ping_status":"closed","sticky":false,"template":"","format":"standard","meta":[],"categories":[42],"tags":[],"acf":[],"_links":{"self":[{"href":"\/content-local\/wp-json\/wp\/v2\/posts\/130602"}],"collection":[{"href":"\/content-local\/wp-json\/wp\/v2\/posts"}],"about":[{"href":"\/content-local\/wp-json\/wp\/v2\/types\/post"}],"author":[{"embeddable":true,"href":"\/content-local\/wp-json\/wp\/v2\/users\/46"}],"replies":[{"embeddable":true,"href":"\/content-local\/wp-json\/wp\/v2\/comments?post=130602"}],"version-history":[{"count":9,"href":"\/content-local\/wp-json\/wp\/v2\/posts\/130602\/revisions"}],"predecessor-version":[{"id":130639,"href":"\/content-local\/wp-json\/wp\/v2\/posts\/130602\/revisions\/130639"}],"wp:attachment":[{"href":"\/content-local\/wp-json\/wp\/v2\/media?parent=130602"}],"wp:term":[{"taxonomy":"category","embeddable":true,"href":"\/content-local\/wp-json\/wp\/v2\/categories?post=130602"},{"taxonomy":"post_tag","embeddable":true,"href":"\/content-local\/wp-json\/wp\/v2\/tags?post=130602"}],"curies":[{"name":"wp","href":"https:\/\/api.w.org\/{rel}","templated":true}]}}